{"id":634,"date":"2022-10-08T19:31:00","date_gmt":"2022-10-08T17:31:00","guid":{"rendered":"https:\/\/ld-wp73.template-help.com\/test\/rita\/prod\/?p=77"},"modified":"2023-04-10T10:14:51","modified_gmt":"2023-04-10T08:14:51","slug":"ambassadeur-lekker-oost-vlaams","status":"publish","type":"post","link":"https:\/\/www.lacledusud.be\/fr\/ambassadeur-lekker-oost-vlaams\/","title":{"rendered":"AMBASSADEUR D\u00c9LICIEUX FLAMAND DE L'EST"},"content":{"rendered":"<p>Le propri\u00e9taire du B&amp;B, Thomas Losonczy, a suivi une formation de cuisinier \u00e0 l'\u00e9cole h\u00f4teli\u00e8re Spermalie \u00e0 Bruges.<\/p>\n<p>Sa passion pour le vin lui a ensuite permis d'obtenir le dipl\u00f4me de Sommelier Conseil, et ses ambitions gourmandes en mati\u00e8re de chocolat l'ont finalement conduit \u00e0 suivre une formation d'artisan chocolatier.<br \/>\nThomas se concentre sur les chocolats et les vins. Des vins soigneusement s\u00e9lectionn\u00e9s et des chocolats assortis, tel est son d\u00e9fi. C'est une d\u00e9gustation intense et un double plaisir !<br \/>\nIl parvient \u00e9galement \u00e0 cr\u00e9er un jeu sophistiqu\u00e9 avec la combinaison de chocolats et de bi\u00e8res.<\/p>\n<p>Thomas travaille toujours selon des m\u00e9thodes traditionnelles, en utilisant du chocolat belge de qualit\u00e9 sup\u00e9rieure, des chocolats d'origines diverses et des produits frais de qualit\u00e9. Il opte consciemment pour la petite \u00e9chelle et l'authenticit\u00e9 et fabrique des chocolats pour les vrais amateurs de chocolat qui aiment les saveurs pures et d\u00e9licates.<\/p>\n<p>Les pralines peuvent \u00eatre achet\u00e9es en ligne \u00e0 l'adresse suivante <a href=\"http:\/\/www.chocolatiersonline.com\/lacledusud\">www.lacledusudchocolates<\/a><a href=\"http:\/\/www.lacledusudchocolates.shop\/\">.boutique<\/a>\u00a0Ils seront d\u00e9pos\u00e9s dans la bo\u00eete de collecte \u00e0 l'heure convenue. Livraison gratuite \u00e0 partir de 30 euros dans les communes environnantes.<\/p>\n<p>En tant qu'ambassadeur de Tasty East Flanders, nous nous engageons \u00e0 proposer un maximum de produits (pour le petit-d\u00e9jeuner, le mini-bar et la boutique de nos h\u00f4tes) provenant de la r\u00e9gion et de la province de Flandre orientale. De cette mani\u00e8re, nous soutenons les commer\u00e7ants locaux et r\u00e9duisons au maximum notre empreinte \u00e9cologique.<\/p>\n<p><strong>Nos fournisseurs :<\/strong><br \/>\n<a href=\"http:\/\/www.callasconfiture.com\/\">Callas Confituren-Gand<\/a><br \/>\n<a href=\"http:\/\/www.rechtvanbijdeboer.be\/de-roskamhoeve\">Roskamhoeve-Merelbeke<\/a><br \/>\n<a href=\"http:\/\/www.devierhoekhoeve.be\/\">Vierhoekhoeve-Gijzenzele<\/a><br \/>\n<a href=\"http:\/\/www.facebook.com\/domein.dr\/\">Domaine Roskam-Merelbeke<\/a><br \/>\n<a href=\"http:\/\/www.wijndomeinde3fonteinen.be\/\">Les trois fontaines - Zottegem<\/a><br \/>\n<a href=\"http:\/\/www.ginstberg.be\/\">Ginstbronnen-Scheldewindeke<\/a><br \/>\n<a href=\"http:\/\/www.roomer.be\/\">Roomer-Ghent<\/a><br \/>\n<a href=\"http:\/\/www.delirium.be\/\">Brasserie Huyghe-Melle<\/a><br \/>\n<a href=\"http:\/\/www.contreras.be\/\">Brasserie Contreras-Gavere<\/a><br \/>\n<a href=\"http:\/\/www.paterlieven.be\/\">Brasserie Vandenbossche-Sint Lievens Houtem<\/a><br \/>\n<a href=\"http:\/\/www.vondelmolen.be\/\">Vondelmolen-Lebbeke<\/a><br \/>\n<a href=\"http:\/\/www.inex.be\/\">Inex-Bavegem<\/a><br \/>\n<a href=\"http:\/\/www.tillies.be\/\">Tillies-Steenhuize<\/a><br \/>\n<a href=\"http:\/\/deoesterzwamboerderij.be\/\">La ferme des pleurotes<\/a>\u00a0(\u00e9galement point de vente La Cl\u00e9 du Sud Chocolates)<br \/>\n<a href=\"http:\/\/www.ooost.be\/\">Est<\/a>Centre de promotion des produits r\u00e9gionaux de la Flandre orientale (drag\u00e9es dans les points de vente)<\/p>","protected":false},"excerpt":{"rendered":"<p>Thomas Losonczy, propri\u00e9taire du B&amp;B, a suivi une formation de cuisinier \u00e0 l'\u00e9cole h\u00f4teli\u00e8re Spermalie \u00e0 Bruges. Sa passion pour le vin lui a ensuite permis d'obtenir le dipl\u00f4me de Sommelier Conseil et ses ambitions gastronomiques en mati\u00e8re de chocolat l'ont finalement conduit \u00e0 suivre une formation d'artisan chocolatier. Thomas se concentre sur les chocolats et les vins. Des vins soigneusement s\u00e9lectionn\u00e9s et des chocolats assortis, voil\u00e0 ce qu'il [...]<\/p>","protected":false},"author":1,"featured_media":1827,"comment_status":"closed","ping_status":"closed","sticky":false,"template":"","format":"standard","meta":{"_monsterinsights_skip_tracking":false,"_monsterinsights_sitenote_active":false,"_monsterinsights_sitenote_note":"","_monsterinsights_sitenote_category":0,"footnotes":""},"categories":[19],"tags":[],"class_list":["post-634","post","type-post","status-publish","format-standard","has-post-thumbnail","hentry","category-delicatessen"],"_links":{"self":[{"href":"https:\/\/www.lacledusud.be\/fr\/wp-json\/wp\/v2\/posts\/634","targetHints":{"allow":["GET"]}}],"collection":[{"href":"https:\/\/www.lacledusud.be\/fr\/wp-json\/wp\/v2\/posts"}],"about":[{"href":"https:\/\/www.lacledusud.be\/fr\/wp-json\/wp\/v2\/types\/post"}],"author":[{"embeddable":true,"href":"https:\/\/www.lacledusud.be\/fr\/wp-json\/wp\/v2\/users\/1"}],"replies":[{"embeddable":true,"href":"https:\/\/www.lacledusud.be\/fr\/wp-json\/wp\/v2\/comments?post=634"}],"version-history":[{"count":0,"href":"https:\/\/www.lacledusud.be\/fr\/wp-json\/wp\/v2\/posts\/634\/revisions"}],"wp:featuredmedia":[{"embeddable":true,"href":"https:\/\/www.lacledusud.be\/fr\/wp-json\/wp\/v2\/media\/1827"}],"wp:attachment":[{"href":"https:\/\/www.lacledusud.be\/fr\/wp-json\/wp\/v2\/media?parent=634"}],"wp:term":[{"taxonomy":"category","embeddable":true,"href":"https:\/\/www.lacledusud.be\/fr\/wp-json\/wp\/v2\/categories?post=634"},{"taxonomy":"post_tag","embeddable":true,"href":"https:\/\/www.lacledusud.be\/fr\/wp-json\/wp\/v2\/tags?post=634"}],"curies":[{"name":"wp","href":"https:\/\/api.w.org\/{rel}","templated":true}]}}